{"id":720,"date":"2025-04-23T09:05:41","date_gmt":"2025-04-23T09:05:41","guid":{"rendered":"https:\/\/elordamedia.kz\/?p=720"},"modified":"2025-04-23T09:05:41","modified_gmt":"2025-04-23T09:05:41","slug":"kazakistanin-geleneksel-muzigi-turk-dunyasinin-etno-folk-grubu-hassak-trt-haberde","status":"publish","type":"post","link":"https:\/\/elordamedia.kz\/tr\/kazakistanin-geleneksel-muzigi-turk-dunyasinin-etno-folk-grubu-hassak-trt-haberde\/","title":{"rendered":"Kazakistan\u2019\u0131n geleneksel m\u00fczi\u011fi: T\u00fcrk D\u00fcnyas\u0131&#8217;n\u0131n etno folk grubu HasSak TRT Haber&#8217;de"},"content":{"rendered":"<p><strong>TRT\u2019nin Uyan\u0131\u015f: B\u00fcy\u00fck Sel\u00e7uklu dizisinin m\u00fcziklerini yapt\u0131lar. Kazakistan\u2019\u0131n geleneksel m\u00fczi\u011fini modern t\u0131n\u0131larla harmanlayan HasSak, T\u00fcrkiye\u2019deki ilk \u00f6zel r\u00f6portaj\u0131n\u0131 <a href=\"https:\/\/www.trthaber.com\/haber\/turk-dunyasi\/unlu-kazak-grubu-hassak-ilk-kez-ankarada-sahne-aliyor-903829.html\">TRT Haber&#8217;e verdi.<\/a><\/strong><\/p>\n<p>Geleneksel kopuz, domb\u0131ra, s\u0131b\u0131zg\u0131 gibi kadim enstr\u00fcmanlar\u0131 \u00e7a\u011fda\u015f d\u00fczenlemelerle yeniden yorumlayan T\u00fcrk D\u00fcnyas\u0131&#8217;n\u0131n ve Kazakistan&#8217;\u0131n \u00fcnl\u00fc grubu HasSak, hem geleneksel k\u00f6klere ba\u011fl\u0131 hem de evrensel t\u0131n\u0131lara a\u00e7\u0131k \u00f6zg\u00fcn bir\u00a0<a href=\"https:\/\/www.trthaber.com\/etiket\/muzik\/\" target=\"_blank\" rel=\"noopener\">m\u00fczik<\/a>\u00a0anlay\u0131\u015f\u0131 sunuyor.<\/p>\n<p>Kazakistan\u2019\u0131n geleneksel m\u00fczi\u011fini modern t\u0131n\u0131larla harmanlayan HasSak grubu, T\u00fcrkiye\u2019de ilk kez Ankara&#8217;da\u00a0<a href=\"https:\/\/www.trthaber.com\/etiket\/konser\/\" target=\"_blank\" rel=\"noopener\">konser<\/a>\u00a0verdi.<\/p>\n<p>HasSak grubunun besteleri sinema ve tiyatro prod\u00fcksiyonlar\u0131nda kullan\u0131l\u0131rken, &#8220;Amanat&#8221; ve &#8220;Jor\u0131k&#8221; adl\u0131 eserleri &#8220;Uyan\u0131\u015f: B\u00fcy\u00fck Sel\u00e7uklu&#8221; dizisinin m\u00fczikleri aras\u0131nda yer ald\u0131.<\/p>\n<p>Kazakistan B\u00fcy\u00fckel\u00e7ili\u011fi ve K\u00f6kTu\u011f Kazak K\u00fclt\u00fcr Derne\u011fi i\u015f birli\u011fiyle d\u00fczenlenen bu \u00f6zel konserin amac\u0131, T\u00fcrk ve Kazak halklar\u0131 aras\u0131ndaki k\u00fclt\u00fcrel ba\u011flar\u0131 g\u00fc\u00e7lendirmek. HasSak, T\u00fcrkiye&#8217;deki ilk \u00f6zel r\u00f6portaj\u0131n\u0131\u00a0<a href=\"https:\/\/www.trthaber.com\/etiket\/trt\/\" target=\"_blank\" rel=\"noopener\">TRT<\/a>\u00a0Haber&#8217;e verdi.<\/p>\n<h2>HasSak: Esas Kazaklar<\/h2>\n<p>HasSak s\u00f6z\u00fcn\u00fcn tarihi bir manas\u0131 var&#8230;<\/p>\n<p>HasSak grubunun \u00fcyesi Erzhan Zhamenkeev, gruplar\u0131n\u0131n ad\u0131n\u0131n neden HasSak oldu\u011funu anlatt\u0131:<\/p>\n<p><em>&#8220;2013 y\u0131l\u0131nda HasSak grubu kuruldu\u011fu zaman bu ismi ben teklif etmi\u015ftim. Tarihimize bakacak olursak Kazaklar\u0131n atalar\u0131 Sakalar ve \u0130skitler 8. ve 3. as\u0131rlarda bu topraklarda ya\u015fad\u0131. &#8216;Has&#8217; kelimesi esas Sakalar, esas \u0130skitler anlam\u0131na geliyor. Bunu, &#8216;Esas Kazaklar&#8217; diye \u00e7evirebiliriz.&#8221;<\/em><\/p>\n<p>&nbsp;<\/p>\n<p><img decoding=\"async\" src=\"https:\/\/www.trthaber.com\/dosyalar\/images\/photo_2025-04-13_18-42-17.jpg\" alt=\"T\u00fcrk D\u00fcnyas\u0131'n\u0131n etno folk grubu HasSak TRT Haber'de\" \/><\/p>\n<p>&nbsp;<\/p>\n<h2>TRT&#8217;nin &#8220;Uyan\u0131\u015f: B\u00fcy\u00fck Sel\u00e7uklu&#8221; dizisinin m\u00fcziklerinde yer ald\u0131lar<\/h2>\n<p>TRT\u2019nin \u00e7ok be\u011fenilen dizilerinden olan Uyan\u0131\u015f: B\u00fcy\u00fck Sel\u00e7uklu dizisinin m\u00fcziklerinden 10 tanesini HasSak grubu yapt\u0131.<\/p>\n<p>Grubun bu m\u00fczikleri izleyiciden tam not ald\u0131.\u00a0Erzhan Zhamenkeev, Uyan\u0131\u015f: B\u00fcy\u00fck Sel\u00e7uklu dizisinin onlar i\u00e7in \u00f6nemine de\u011findi:<\/p>\n<p><em>&#8220;2020 y\u0131l\u0131nda TRT taraf\u0131ndan bize b\u00fcy\u00fck bir teklif geldi. D\u00fcnya projesi diyebilece\u011fimiz Uyan\u0131\u015f: B\u00fcy\u00fck Sel\u00e7uklu dizisinde G\u00f6khan K\u0131rdar beyefendi ile birlikte &#8216;Jor\u0131k&#8217; adl\u0131 eserimizi besteledik. Bu dizide bizim toplam 10 tane eserimiz kullan\u0131ld\u0131. Biz bununla gurur duyuyoruz. \u00c7ok sevin\u00e7liyiz ve te\u015fekk\u00fcr ediyoruz. Bu dizi ve \u00e7al\u0131\u015fman\u0131n sonucu olarak biz T\u00fcrkiye\u2019de konser veriyoruz, gururluyuz.&#8221;<\/em><\/p>\n<h2>&#8220;HasSak grubunun eserleri en \u00e7ok T\u00fcrkiye\u2019de dinleniyor&#8221;<\/h2>\n<p>Erzhan Zhamenkeev, istatistiklere g\u00f6re HasSak grubunun eserlerinin en \u00e7ok T\u00fcrkiye\u2019de dinlendi\u011fini ve hayranlar\u0131n\u0131n en \u00e7ok T\u00fcrkiye\u2019de yer ald\u0131\u011f\u0131n\u0131 s\u00f6yledi.<\/p>\n<div class=\"special-quote red-bg\">\n<div class=\"special-quote-content\">\n<div class=\"special-quote-title1\">T\u00fcrkiye\u2019de ilk konserimizi d\u00fczenliyoruz. Eserlerimiz aras\u0131ndaki T\u00fcrk Ka\u011fan adl\u0131 eserimiz T\u00fcrk d\u00fcnyas\u0131ndaki birli\u011fi anlat\u0131yor. Jor\u0131k adl\u0131 eserimiz T\u00fcrkiye\u2019yi anlat\u0131yor. Ulu \u0130pek Yolu adl\u0131 eserimiz de \u00c7in, \u00d6zbekistan, Kazakistan, \u0130ran ve T\u00fcrkiye topraklar\u0131ndaki halklar\u0131n ezgilerini anlat\u0131yor. Bize olan ilgiden dolay\u0131 biz \u00e7ok te\u015fekk\u00fcr ediyoruz. Bundan sonra da bulu\u015fmak dile\u011fiyle. Sizi Kazakistan\u2019a bekliyoruz, biz de T\u00fcrkiye\u2019ye daha \u00e7ok gelelim &#8211; Erzhan Zhamenkeev<\/div>\n<\/div>\n<div>\n<p>Erzhan Zhamenkeev ve HasSak grubunun T\u00fcrkiye\u2019ye ve T\u00fcrk D\u00fcnyas\u0131&#8217;na da bir mesaj g\u00f6nderdi:<\/p>\n<blockquote><p><em>&#8220;T\u00fcrk d\u00fcnyas\u0131 halklar\u0131 olarak manevi a\u00e7\u0131dan daha da yak\u0131nla\u015fmam\u0131z gerekiyor. \u00c7\u00fcnk\u00fc bizim dilimiz, dinimiz, tarihimiz, k\u00fclt\u00fcr\u00fcm\u00fcz bir. Ayr\u0131ca m\u00fczik aletlerimiz de birbirine \u00e7ok benziyor. O y\u00fczden k\u00fclt\u00fcrel ili\u015fkilerimizin daha da yo\u011funla\u015farak yak\u0131nla\u015fmas\u0131n\u0131 istiyoruz.&#8221;<\/em><\/p><\/blockquote>\n<\/div>\n<\/div>\n","protected":false},"excerpt":{"rendered":"<p>TRT\u2019nin Uyan\u0131\u015f: B\u00fcy\u00fck Sel\u00e7uklu dizisinin m\u00fcziklerini yapt\u0131lar. Kazakistan\u2019\u0131n geleneksel m\u00fczi\u011fini modern t\u0131n\u0131larla harmanlayan HasSak, T\u00fcrkiye\u2019deki ilk \u00f6zel r\u00f6portaj\u0131n\u0131 TRT Haber&#8217;e [&hellip;]<\/p>\n","protected":false},"author":2,"featured_media":722,"comment_status":"open","ping_status":"open","sticky":true,"template":"","format":"standard","meta":{"_acf_changed":false,"_locale":"tr_TR","_original_post":"https:\/\/elordamedia.kz\/?p=720","footnotes":""},"categories":[19,27,24],"tags":[185,184,183,173],"class_list":["post-720","post","type-post","status-publish","format-standard","has-post-thumbnail","hentry","category-news","category-culture","category-tourism","tag-geleneksel-muzik","tag-hassak","tag-kazakistan","tag-turkiye","tr-TR"],"acf":[],"_links":{"self":[{"href":"https:\/\/elordamedia.kz\/wp-json\/wp\/v2\/posts\/720","targetHints":{"allow":["GET"]}}],"collection":[{"href":"https:\/\/elordamedia.kz\/wp-json\/wp\/v2\/posts"}],"about":[{"href":"https:\/\/elordamedia.kz\/wp-json\/wp\/v2\/types\/post"}],"author":[{"embeddable":true,"href":"https:\/\/elordamedia.kz\/wp-json\/wp\/v2\/users\/2"}],"replies":[{"embeddable":true,"href":"https:\/\/elordamedia.kz\/wp-json\/wp\/v2\/comments?post=720"}],"version-history":[{"count":1,"href":"https:\/\/elordamedia.kz\/wp-json\/wp\/v2\/posts\/720\/revisions"}],"predecessor-version":[{"id":723,"href":"https:\/\/elordamedia.kz\/wp-json\/wp\/v2\/posts\/720\/revisions\/723"}],"wp:featuredmedia":[{"embeddable":true,"href":"https:\/\/elordamedia.kz\/wp-json\/wp\/v2\/media\/722"}],"wp:attachment":[{"href":"https:\/\/elordamedia.kz\/wp-json\/wp\/v2\/media?parent=720"}],"wp:term":[{"taxonomy":"category","embeddable":true,"href":"https:\/\/elordamedia.kz\/wp-json\/wp\/v2\/categories?post=720"},{"taxonomy":"post_tag","embeddable":true,"href":"https:\/\/elordamedia.kz\/wp-json\/wp\/v2\/tags?post=720"}],"curies":[{"name":"wp","href":"https:\/\/api.w.org\/{rel}","templated":true}]}}