{"id":717,"date":"2025-04-23T08:01:24","date_gmt":"2025-04-23T08:01:24","guid":{"rendered":"https:\/\/elordamedia.kz\/?p=717"},"modified":"2025-04-23T08:01:44","modified_gmt":"2025-04-23T08:01:44","slug":"yabancilarin-mekkeye-girisi-yasaklandi","status":"publish","type":"post","link":"https:\/\/elordamedia.kz\/tr\/yabancilarin-mekkeye-girisi-yasaklandi\/","title":{"rendered":"Yabanc\u0131lar\u0131n Mekke&#8217;ye Giri\u015fi Yasakland\u0131"},"content":{"rendered":"<p><strong>Suudi Arabistan, \u00e7al\u0131\u015fma izni veya hac vizesi olmayan yabanc\u0131lar\u0131n Mekke&#8217;ye giri\u015fini <a href=\"https:\/\/www.sondakika.com\/dunya\/haber-mekke-ye-giris-yasaklandi-18541190\/\">yasaklad\u0131.\u00a0<\/a><\/strong><\/p>\n<p>SUUD\u0130 Arabistan, bug\u00fcnden itibaren \u00e7al\u0131\u015fma izni ya da hac vizesi bulunmayan veya\u00a0<a class=\"keyword-sd\" title=\"Mekke\" href=\"https:\/\/www.sondakika.com\/mekke\/\">Mekke<\/a>&#8216;den verilmi\u015f bir oturum kimli\u011fi olmayan yabanc\u0131lar\u0131n Mekke&#8217;ye giri\u015finin yasaklanaca\u011f\u0131n\u0131 duyurdu.<\/p>\n<p><a class=\"keyword-sd\" title=\"Suudi Arabistan\" href=\"https:\/\/www.sondakika.com\/suudi-arabistan\/\">Suudi Arabistan<\/a>, hac vizesi, ge\u00e7erli \u00e7al\u0131\u015fma izni veya Mekke kaynakl\u0131 oturum kimli\u011fi bulunmayan yabanc\u0131lar\u0131n Mekke&#8217;ye giri\u015fine izin verilmeyece\u011fini duyurdu. Yerel medyada yer alan haberlere g\u00f6re, uygulaman\u0131n amac\u0131 olarak, Mekke&#8217;ye giri\u015f-\u00e7\u0131k\u0131\u015flar\u0131n d\u00fczenlenmesi, yaln\u0131zca yetkili ki\u015filerin \u015fehirde bulunmas\u0131n\u0131n sa\u011flanmas\u0131 ve hac\u0131lar\u0131n g\u00fcvenli\u011finin temin edilmesi g\u00f6sterildi.<\/p>\n","protected":false},"excerpt":{"rendered":"<p>Suudi Arabistan, \u00e7al\u0131\u015fma izni veya hac vizesi olmayan yabanc\u0131lar\u0131n Mekke&#8217;ye giri\u015fini yasaklad\u0131.\u00a0 SUUD\u0130 Arabistan, bug\u00fcnden itibaren \u00e7al\u0131\u015fma izni ya da [&hellip;]<\/p>\n","protected":false},"author":2,"featured_media":718,"comment_status":"open","ping_status":"open","sticky":true,"template":"","format":"standard","meta":{"_acf_changed":false,"_locale":"tr_TR","_original_post":"https:\/\/elordamedia.kz\/?p=717","footnotes":""},"categories":[19,24],"tags":[181,179,182,180,165,167,178],"class_list":["post-717","post","type-post","status-publish","format-standard","has-post-thumbnail","hentry","category-news","category-tourism","tag-dunya","tag-guvenlik","tag-hac","tag-mekke","tag-politika","tag-son-dakika","tag-suudi-arabistan","tr-TR"],"acf":[],"_links":{"self":[{"href":"https:\/\/elordamedia.kz\/wp-json\/wp\/v2\/posts\/717","targetHints":{"allow":["GET"]}}],"collection":[{"href":"https:\/\/elordamedia.kz\/wp-json\/wp\/v2\/posts"}],"about":[{"href":"https:\/\/elordamedia.kz\/wp-json\/wp\/v2\/types\/post"}],"author":[{"embeddable":true,"href":"https:\/\/elordamedia.kz\/wp-json\/wp\/v2\/users\/2"}],"replies":[{"embeddable":true,"href":"https:\/\/elordamedia.kz\/wp-json\/wp\/v2\/comments?post=717"}],"version-history":[{"count":1,"href":"https:\/\/elordamedia.kz\/wp-json\/wp\/v2\/posts\/717\/revisions"}],"predecessor-version":[{"id":719,"href":"https:\/\/elordamedia.kz\/wp-json\/wp\/v2\/posts\/717\/revisions\/719"}],"wp:featuredmedia":[{"embeddable":true,"href":"https:\/\/elordamedia.kz\/wp-json\/wp\/v2\/media\/718"}],"wp:attachment":[{"href":"https:\/\/elordamedia.kz\/wp-json\/wp\/v2\/media?parent=717"}],"wp:term":[{"taxonomy":"category","embeddable":true,"href":"https:\/\/elordamedia.kz\/wp-json\/wp\/v2\/categories?post=717"},{"taxonomy":"post_tag","embeddable":true,"href":"https:\/\/elordamedia.kz\/wp-json\/wp\/v2\/tags?post=717"}],"curies":[{"name":"wp","href":"https:\/\/api.w.org\/{rel}","templated":true}]}}