{"id":708,"date":"2025-04-23T07:38:47","date_gmt":"2025-04-23T07:38:47","guid":{"rendered":"https:\/\/elordamedia.kz\/?p=708"},"modified":"2025-04-23T07:39:02","modified_gmt":"2025-04-23T07:39:02","slug":"trump-cin-ile-iyi-iliskiler-suruyor","status":"publish","type":"post","link":"https:\/\/elordamedia.kz\/tr\/trump-cin-ile-iyi-iliskiler-suruyor\/","title":{"rendered":"Trump: \u00c7in ile \u0130yi \u0130li\u015fkiler S\u00fcr\u00fcyor"},"content":{"rendered":"<p><strong>Trump, \u00c7in ile ticaret m\u00fczakerelerinin devam etti\u011fini ve anla\u015fma yap\u0131lmas\u0131n\u0131n \u015fart oldu\u011funu <a href=\"https:\/\/www.sondakika.com\/politika\/haber-trump-cin-ile-iyi-iliskiler-suruyor-18541142\/\">belirtti.<\/a><\/strong><\/p>\n<p>ABD Ba\u015fkan\u0131\u00a0<a class=\"keyword-sd\" title=\"Donald Trump\" href=\"https:\/\/www.sondakika.com\/donald-trump\/\">Donald Trump<\/a>, \u00c7in&#8217;le temaslar\u0131n s\u00fcrd\u00fc\u011f\u00fcn\u00fc belirterek, &#8220;Herkes\u00a0<a class=\"keyword-sd\" title=\"Amerika Birle\u015fik Devletleri\" href=\"https:\/\/www.sondakika.com\/amerika-birlesik-devletleri\/\">Amerika Birle\u015fik Devletleri<\/a> ile ili\u015fki kurmak ve i\u015f yapmak istiyor&#8221; dedi.<\/p>\n<p>ABD Ba\u015fkan\u0131 Donald Trump, Oval Ofis&#8217;te yap\u0131lan bir yemin t\u00f6reninde, ABD ile \u00c7in aras\u0131ndaki &#8216;ticaret sava\u015flar\u0131na&#8217; ili\u015fkin sorular\u0131 yan\u0131tlad\u0131. Trump, \u00c7in&#8217;in ABD ile g\u00fcmr\u00fck anla\u015fmas\u0131 yapmak zorunda olaca\u011f\u0131n\u0131 ve kendilerinin buna haz\u0131r oldu\u011funu kaydetti. Trump, \u00c7in ile temaslar\u0131n s\u00fcrd\u00fc\u011f\u00fcn\u00fc s\u00f6yleyerek, &#8220;\u00c7in ile aram\u0131z iyi. Bence neredeyse her \u00fclkeyle iyiyiz, herkes Amerika Birle\u015fik Devletleri ile ili\u015fki kurmak ve i\u015f yapmak istiyor&#8221; diye konu\u015ftu.<\/p>\n<p>Trump, \u00c7in&#8217;e kar\u015f\u0131 tarifeler konusunda nas\u0131l bir yol izleyece\u011fi ile ilgili bir soruya, &#8220;\u00c7in&#8217;e kar\u015f\u0131 sert oynayaca\u011f\u0131m demeyece\u011fim. Biz \u00e7ok nazik olaca\u011f\u0131z. Onlar da \u00e7ok nazik olacaklar. Sonra ne olaca\u011f\u0131n\u0131 g\u00f6rece\u011fiz. Ama nihayetinde bir anla\u015fma yapmak zorundalar. \u00c7\u00fcnk\u00fc aksi takdirde ABD ile i\u015f yapamayacaklar&#8221; yan\u0131t\u0131n\u0131 verdi.<\/p>\n<p>Trump, \u00c7in&#8217;e uygulanan g\u00fcmr\u00fck tarife oran\u0131n\u0131n y\u00fczde 145 d\u00fczeyinde kalmayaca\u011f\u0131n\u0131 fakat bu oran\u0131n s\u0131f\u0131r da olmayaca\u011f\u0131n\u0131 aktard\u0131. Trump, &#8220;\u00c7in&#8217;e kar\u015f\u0131 \u00e7ok iyi olaca\u011f\u0131z. Devlet Ba\u015fkan\u0131 \u015ei Cinping ile harika bir ili\u015fkimiz var. Ancak y\u0131lda milyarlarca dolar kazan\u0131p ordular\u0131n\u0131 da ABD&#8217;den ve onlar\u0131n yapt\u0131klar\u0131ndan in\u015fa edecekler. Yani bu olmayacak&#8221; ifadelerini kulland\u0131.<\/p>\n","protected":false},"excerpt":{"rendered":"<p>Trump, \u00c7in ile ticaret m\u00fczakerelerinin devam etti\u011fini ve anla\u015fma yap\u0131lmas\u0131n\u0131n \u015fart oldu\u011funu belirtti. ABD Ba\u015fkan\u0131\u00a0Donald Trump, \u00c7in&#8217;le temaslar\u0131n s\u00fcrd\u00fc\u011f\u00fcn\u00fc belirterek, [&hellip;]<\/p>\n","protected":false},"author":2,"featured_media":709,"comment_status":"open","ping_status":"open","sticky":true,"template":"","format":"standard","meta":{"_acf_changed":false,"_locale":"tr_TR","_original_post":"https:\/\/elordamedia.kz\/?p=708","footnotes":""},"categories":[19,38,22],"tags":[164,163,166,165,167,162],"class_list":["post-708","post","type-post","status-publish","format-standard","has-post-thumbnail","hentry","category-news","category-politics","category-economy","tag-diplomasi","tag-donald-trump","tag-ekonomi","tag-politika","tag-son-dakika","tag-uluslararasi-iliskiler","tr-TR"],"acf":[],"_links":{"self":[{"href":"https:\/\/elordamedia.kz\/wp-json\/wp\/v2\/posts\/708","targetHints":{"allow":["GET"]}}],"collection":[{"href":"https:\/\/elordamedia.kz\/wp-json\/wp\/v2\/posts"}],"about":[{"href":"https:\/\/elordamedia.kz\/wp-json\/wp\/v2\/types\/post"}],"author":[{"embeddable":true,"href":"https:\/\/elordamedia.kz\/wp-json\/wp\/v2\/users\/2"}],"replies":[{"embeddable":true,"href":"https:\/\/elordamedia.kz\/wp-json\/wp\/v2\/comments?post=708"}],"version-history":[{"count":1,"href":"https:\/\/elordamedia.kz\/wp-json\/wp\/v2\/posts\/708\/revisions"}],"predecessor-version":[{"id":710,"href":"https:\/\/elordamedia.kz\/wp-json\/wp\/v2\/posts\/708\/revisions\/710"}],"wp:featuredmedia":[{"embeddable":true,"href":"https:\/\/elordamedia.kz\/wp-json\/wp\/v2\/media\/709"}],"wp:attachment":[{"href":"https:\/\/elordamedia.kz\/wp-json\/wp\/v2\/media?parent=708"}],"wp:term":[{"taxonomy":"category","embeddable":true,"href":"https:\/\/elordamedia.kz\/wp-json\/wp\/v2\/categories?post=708"},{"taxonomy":"post_tag","embeddable":true,"href":"https:\/\/elordamedia.kz\/wp-json\/wp\/v2\/tags?post=708"}],"curies":[{"name":"wp","href":"https:\/\/api.w.org\/{rel}","templated":true}]}}