{"id":4199,"date":"2025-10-13T12:14:47","date_gmt":"2025-10-13T12:14:47","guid":{"rendered":"https:\/\/elordamedia.kz\/?p=4199"},"modified":"2025-10-13T12:14:47","modified_gmt":"2025-10-13T12:14:47","slug":"trump-abd-cin-e-zarar-vermek-degil-yardim-etmek-istiyor","status":"publish","type":"post","link":"https:\/\/elordamedia.kz\/tr\/trump-abd-cin-e-zarar-vermek-degil-yardim-etmek-istiyor\/","title":{"rendered":"Trump: ABD \u00c7in&#8217;e zarar vermek de\u011fil, yard\u0131m etmek istiyor"},"content":{"rendered":"<p style=\"text-align: justify;\"><strong>Trump, ABD merkezli sosyal medya platformu Truth Social hesab\u0131ndan konuya ili\u015fkin <a href=\"https:\/\/www.haberturk.com\/trump-abd-cine-zarar-vermek-degil-yardim-etmek-istiyor-3829498?page=2\">payla\u015f\u0131mda bulundu.<\/a><\/strong><\/p>\n<p style=\"text-align: justify;\">\u00c7in konusunda endi\u015felenilmemesi gerekti\u011fini ve her \u015feyin yoluna girece\u011fini belirten Trump, &#8220;Sayg\u0131de\u011fer (\u00c7in Devlet Ba\u015fkan\u0131 \u015ei Cinping) Ba\u015fkan \u015ei sadece k\u00f6t\u00fc bir an ya\u015fad\u0131. O da \u00fclkesinin bunal\u0131ma girmesini istemiyor, ben de istemiyorum. ABD \u00c7in&#8217;e zarar vermek de\u011fil, yard\u0131m etmek istiyor.&#8221; ifadelerini kulland\u0131.<\/p>\n<div class=\"widget-image relative mb-1 block aspect-w-1 aspect-h-1 bg-gray-200 dark:bg-gray-700\" style=\"text-align: justify;\"><img loading=\"lazy\" decoding=\"async\" class=\"bg-gray-100 min-h-20 mb-3 medium-zoom-image\" src=\"https:\/\/im.haberturk.com\/2025\/10\/12\/3829498_f913c22bdd9d723a5db99d58163f90b2.jpg\" alt=\"\" width=\"942\" height=\"625\" data-zoomable=\"\" \/><i class=\"ht-icon-full-screen-max w-10 h-10 absolute right-0 top-0 bottom-auto left-auto text-xs bg-white dark:bg-gray-900 cursor-pointer\"><\/i><\/div>\n<p style=\"text-align: justify;\">ABD Ba\u015fkan\u0131 Trump, 10 Ekim&#8217;de nadir toprak elementlerinin ihracat\u0131na k\u0131s\u0131tlama getiren \u00c7in&#8217;i tarife art\u0131\u015f\u0131yla tehdit etmi\u015f, daha sonra da 1 Kas\u0131m itibar\u0131yla ABD&#8217;nin \u00c7in&#8217;e \u015fu anda \u00f6dedi\u011fi tarifeye ek olarak y\u00fczde 100 g\u00fcmr\u00fck vergisi uygulayaca\u011f\u0131n\u0131 duyurmu\u015ftu.<\/p>\n<p style=\"text-align: justify;\">Trump, &#8220;\u00c7in&#8217;in bu benzeri g\u00f6r\u00fclmemi\u015f tutumu g\u00f6z \u00f6n\u00fcne al\u0131nd\u0131\u011f\u0131nda ve benzer tehditlerle kar\u015f\u0131 kar\u015f\u0131ya olan di\u011fer \u00fclkeler ad\u0131na de\u011fil, yaln\u0131zca ABD ad\u0131na konu\u015farak, 1 Kas\u0131m&#8217;dan itibaren (veya \u00c7in&#8217;in alaca\u011f\u0131 di\u011fer \u00f6nlemler veya de\u011fi\u015fikliklere ba\u011fl\u0131 olarak daha erken bir tarihten itibaren), ABD, \u00c7in&#8217;e \u015fu anda \u00f6dedi\u011fi tarife \u00fczerine y\u00fczde 100 oran\u0131nda g\u00fcmr\u00fck vergisi uygulayacak. Ayr\u0131ca, 1 Kas\u0131m&#8217;da t\u00fcm kritik yaz\u0131l\u0131mlara ihracat kontrol\u00fc uygulayaca\u011f\u0131z.&#8221; ifadelerini kullanm\u0131\u015ft\u0131.<\/p>\n","protected":false},"excerpt":{"rendered":"<p>Trump, ABD merkezli sosyal medya platformu Truth Social hesab\u0131ndan konuya ili\u015fkin payla\u015f\u0131mda bulundu. \u00c7in konusunda endi\u015felenilmemesi gerekti\u011fini ve her \u015feyin [&hellip;]<\/p>\n","protected":false},"author":2,"featured_media":3172,"comment_status":"open","ping_status":"open","sticky":true,"template":"","format":"standard","meta":{"_acf_changed":false,"_locale":"tr_TR","_original_post":"https:\/\/elordamedia.kz\/?p=4199","footnotes":""},"categories":[19,38],"tags":[],"class_list":["post-4199","post","type-post","status-publish","format-standard","has-post-thumbnail","hentry","category-news","category-politics","tr-TR"],"acf":[],"_links":{"self":[{"href":"https:\/\/elordamedia.kz\/wp-json\/wp\/v2\/posts\/4199","targetHints":{"allow":["GET"]}}],"collection":[{"href":"https:\/\/elordamedia.kz\/wp-json\/wp\/v2\/posts"}],"about":[{"href":"https:\/\/elordamedia.kz\/wp-json\/wp\/v2\/types\/post"}],"author":[{"embeddable":true,"href":"https:\/\/elordamedia.kz\/wp-json\/wp\/v2\/users\/2"}],"replies":[{"embeddable":true,"href":"https:\/\/elordamedia.kz\/wp-json\/wp\/v2\/comments?post=4199"}],"version-history":[{"count":1,"href":"https:\/\/elordamedia.kz\/wp-json\/wp\/v2\/posts\/4199\/revisions"}],"predecessor-version":[{"id":4200,"href":"https:\/\/elordamedia.kz\/wp-json\/wp\/v2\/posts\/4199\/revisions\/4200"}],"wp:featuredmedia":[{"embeddable":true,"href":"https:\/\/elordamedia.kz\/wp-json\/wp\/v2\/media\/3172"}],"wp:attachment":[{"href":"https:\/\/elordamedia.kz\/wp-json\/wp\/v2\/media?parent=4199"}],"wp:term":[{"taxonomy":"category","embeddable":true,"href":"https:\/\/elordamedia.kz\/wp-json\/wp\/v2\/categories?post=4199"},{"taxonomy":"post_tag","embeddable":true,"href":"https:\/\/elordamedia.kz\/wp-json\/wp\/v2\/tags?post=4199"}],"curies":[{"name":"wp","href":"https:\/\/api.w.org\/{rel}","templated":true}]}}