{"id":4177,"date":"2025-10-11T08:41:11","date_gmt":"2025-10-11T08:41:11","guid":{"rendered":"https:\/\/elordamedia.kz\/?p=4177"},"modified":"2025-10-13T16:08:43","modified_gmt":"2025-10-13T16:08:43","slug":"bati-kazakistan-bolgesi-cin-ile-ortakligini-guclendiriyor-134-milyar-tenge-degerinde-14-mutabakat-zapti-imzalandi","status":"publish","type":"post","link":"https:\/\/elordamedia.kz\/tr\/bati-kazakistan-bolgesi-cin-ile-ortakligini-guclendiriyor-134-milyar-tenge-degerinde-14-mutabakat-zapti-imzalandi\/","title":{"rendered":"Bat\u0131 Kazakistan B\u00f6lgesi \u00c7in ile Ortakl\u0131\u011f\u0131n\u0131 G\u00fc\u00e7lendiriyor: 134 Milyar Tenge De\u011ferinde 14 Mutabakat Zapt\u0131 \u0130mzaland\u0131"},"content":{"rendered":"<p>Bat\u0131 Kazakistan B\u00f6lgesi ile \u00c7in Halk Cumhuriyeti aras\u0131ndaki i\u015f ili\u015fkileri yeni bir seviyeye ula\u015ft\u0131. \u00dc\u00e7 g\u00fcnl\u00fck \u00e7al\u0131\u015fma ziyareti s\u0131ras\u0131nda Akt\u00f6be b\u00f6lgesinden bir heyet, toplam de\u011feri 134 milyar tengeyi bulan 14 b\u00fcy\u00fck yat\u0131r\u0131m mutabakat zapt\u0131 imzalad\u0131. Bu anla\u015fmalar, ikili i\u015f birli\u011finin somut bir sonucu olman\u0131n yan\u0131 s\u0131ra Cumhurba\u015fkan\u0131\u2019n\u0131n ulusa sesleni\u015finde belirtti\u011fi g\u00f6revlerin do\u011frudan hayata ge\u00e7irilmesidir.<\/p>\n<blockquote><p>Ziyaret kapsam\u0131nda heyet \u00fcyeleri, Pekin ve Nanjing \u015fehirlerinde k\u00fcresel \u015firketlerle g\u00f6r\u00fc\u015fmeler ger\u00e7ekle\u015ftirdi. \u0130mzalanan mutabakatlara g\u00f6re, \u00fcretim, ticaret, ye\u015fil enerji, sa\u011fl\u0131k, e\u011fitim ve lojistik gibi sekt\u00f6rlerde ortak projeler uygulanacak. \u00d6zellikle, ilk iki fabrikan\u0131n ekipmanlar\u0131 \u015fimdiden Kazakistan\u2019a sevk edilmeye ba\u015fland\u0131 ve in\u015faat \u00e7al\u0131\u015fmalar\u0131n\u0131n \u00f6n\u00fcm\u00fczdeki g\u00fcnlerde ba\u015flamas\u0131 planlan\u0131yor.<\/p><\/blockquote>\n<p><img loading=\"lazy\" decoding=\"async\" class=\"alignnone size-large wp-image-4202\" src=\"https:\/\/elordamedia.kz\/wp-content\/uploads\/2025\/10\/file-20251013-68ed22da27d6e-1024x724.jpg\" alt=\"\" width=\"1024\" height=\"724\" srcset=\"https:\/\/elordamedia.kz\/wp-content\/uploads\/2025\/10\/file-20251013-68ed22da27d6e-1024x724.jpg 1024w, https:\/\/elordamedia.kz\/wp-content\/uploads\/2025\/10\/file-20251013-68ed22da27d6e-300x212.jpg 300w, https:\/\/elordamedia.kz\/wp-content\/uploads\/2025\/10\/file-20251013-68ed22da27d6e-768x543.jpg 768w, https:\/\/elordamedia.kz\/wp-content\/uploads\/2025\/10\/file-20251013-68ed22da27d6e-1536x1087.jpg 1536w, https:\/\/elordamedia.kz\/wp-content\/uploads\/2025\/10\/file-20251013-68ed22da27d6e.jpg 1600w\" sizes=\"auto, (max-width: 1024px) 100vw, 1024px\" \/><\/p>\n<p><em><strong>Yat\u0131r\u0131mda At\u0131l\u0131m: Somut Projeler Ba\u015fl\u0131yor<\/strong><\/em><\/p>\n<p>Bat\u0131 Kazakistan B\u00f6lgesi Valisi Nariman Turegaliyev\u2019e g\u00f6re, t\u00fcm 14 proje b\u00f6lgenin sanayi b\u00f6lgesinde hayata ge\u00e7irilecek. Bu durum, i\u015fleme sanayisinin geli\u015fimine g\u00fc\u00e7l\u00fc bir ivme kazand\u0131racak.<\/p>\n<blockquote><p>\u201cCumhurba\u015fkan\u0131m\u0131z\u0131n talimatlar\u0131na uygun olarak, \u00fcretim sekt\u00f6r\u00fcne yat\u0131r\u0131m \u00e7ekmeye \u00f6zel \u00f6nem veriyoruz. \u00c7inli ortaklar\u0131m\u0131zla bu projelerin uygulanmas\u0131n\u0131 h\u0131zland\u0131rmak i\u00e7in at\u0131lacak somut ad\u0131mlar\u0131 g\u00f6r\u00fc\u015ft\u00fck,\u201d dedi b\u00f6lge valisi.<\/p><\/blockquote>\n<p>Ayr\u0131ca ziyaret s\u0131ras\u0131nda Oral (Uralsk) \u015fehrinde yeni bir termik santral in\u015fas\u0131 konusunda da anla\u015fmaya var\u0131ld\u0131. Projenin finansman\u0131 tamamen \u00c7in taraf\u0131nca sa\u011flanacak ve \u015fu anda fizibilite \u00e7al\u0131\u015fmalar\u0131 y\u00fcr\u00fct\u00fcl\u00fcyor.<\/p>\n<p><img loading=\"lazy\" decoding=\"async\" class=\"alignnone size-large wp-image-4204\" src=\"https:\/\/elordamedia.kz\/wp-content\/uploads\/2025\/10\/file-20251013-68ed22dce8ad2-1024x696.jpeg\" alt=\"\" width=\"1024\" height=\"696\" srcset=\"https:\/\/elordamedia.kz\/wp-content\/uploads\/2025\/10\/file-20251013-68ed22dce8ad2-1024x696.jpeg 1024w, https:\/\/elordamedia.kz\/wp-content\/uploads\/2025\/10\/file-20251013-68ed22dce8ad2-300x204.jpeg 300w, https:\/\/elordamedia.kz\/wp-content\/uploads\/2025\/10\/file-20251013-68ed22dce8ad2-768x522.jpeg 768w, https:\/\/elordamedia.kz\/wp-content\/uploads\/2025\/10\/file-20251013-68ed22dce8ad2.jpeg 1280w\" sizes=\"auto, (max-width: 1024px) 100vw, 1024px\" \/><\/p>\n<p><strong><em>E\u011fitim ve \u0130\u015f G\u00fcc\u00fc Geli\u015fimine Odaklanma<\/em><\/strong><\/p>\n<p>Yat\u0131r\u0131m projelerinin yan\u0131 s\u0131ra, i\u015f g\u00fcc\u00fc e\u011fitimi ve personel geli\u015ftirme de \u00f6ncelikli konular aras\u0131nda yer al\u0131yor. \u00c7inli yat\u0131r\u0131mc\u0131lar, \u00fcretim tesislerinde \u00e7al\u0131\u015facak yerel uzmanlar\u0131n modern teknolojilere g\u00f6re e\u011fitilmesinin gereklili\u011fini vurgulad\u0131. Bu do\u011frultuda, iki taraf aras\u0131nda ortak bir Kazak-\u00c7in e\u011fitim program\u0131 uygulanmas\u0131na karar verildi.<\/p>\n<blockquote><p>\u201cG\u00fcn\u00fcm\u00fcz\u00fcn y\u00fcksek teknoloji end\u00fcstrileri nitelikli personele ihtiya\u00e7 duyuyor. Bu ihtiyac\u0131 kar\u015f\u0131lamak i\u00e7in \u00c7inli \u015firketler, yerel gen\u00e7lerin e\u011fitimi ve e\u011fitimi i\u00e7in finansman sa\u011flamaya haz\u0131r,\u201d dedi Nariman Turegaliyev.<\/p><\/blockquote>\n<p><img loading=\"lazy\" decoding=\"async\" class=\"alignnone size-large wp-image-4205\" src=\"https:\/\/elordamedia.kz\/wp-content\/uploads\/2025\/10\/file-20251013-68ed22de50271-1024x768.jpeg\" alt=\"\" width=\"1024\" height=\"768\" srcset=\"https:\/\/elordamedia.kz\/wp-content\/uploads\/2025\/10\/file-20251013-68ed22de50271-1024x768.jpeg 1024w, https:\/\/elordamedia.kz\/wp-content\/uploads\/2025\/10\/file-20251013-68ed22de50271-300x225.jpeg 300w, https:\/\/elordamedia.kz\/wp-content\/uploads\/2025\/10\/file-20251013-68ed22de50271-768x576.jpeg 768w, https:\/\/elordamedia.kz\/wp-content\/uploads\/2025\/10\/file-20251013-68ed22de50271-1536x1152.jpeg 1536w, https:\/\/elordamedia.kz\/wp-content\/uploads\/2025\/10\/file-20251013-68ed22de50271-2048x1536.jpeg 2048w\" sizes=\"auto, (max-width: 1024px) 100vw, 1024px\" \/><\/p>\n<p><em><strong>Yeni Lojistik Merkezi ve Ticaret Temsilcili\u011fi<\/strong><\/em><\/p>\n<p>G\u00f6r\u00fc\u015fmeler s\u0131ras\u0131nda, b\u00f6lgeye 17 milyar tenge de\u011ferinde bir lojistik merkezi in\u015fa edilmesi \u00f6nerisi de de\u011ferlendirildi. Bu proje, transit y\u00fck ta\u015f\u0131mac\u0131l\u0131\u011f\u0131n\u0131 desteklemeyi ve ula\u015f\u0131m-lojistik altyap\u0131s\u0131n\u0131 geli\u015ftirmeyi ama\u00e7l\u0131yor.<\/p>\n<blockquote><p>Ayr\u0131ca, Bat\u0131 Kazakistan B\u00f6lgesi&#8217;nin \u201cAqjaiyq\u201d Sosyo-Giri\u015fimcilik Kurumu\u2019nun Pekin\u2019deki ikinci yat\u0131r\u0131m ve ticaret ofisi a\u00e7\u0131ld\u0131. Bu temsilcilik, b\u00f6lge ile \u00c7in aras\u0131ndaki ticari ili\u015fkileri g\u00fc\u00e7lendirmeyi ve do\u011frudan ortakl\u0131klar\u0131 kolayla\u015ft\u0131rmay\u0131 hedefliyor.<\/p><\/blockquote>\n<p><img loading=\"lazy\" decoding=\"async\" class=\"alignnone size-large wp-image-4203\" src=\"https:\/\/elordamedia.kz\/wp-content\/uploads\/2025\/10\/file-20251013-68ed22dbd86af-1024x768.jpeg\" alt=\"\" width=\"1024\" height=\"768\" srcset=\"https:\/\/elordamedia.kz\/wp-content\/uploads\/2025\/10\/file-20251013-68ed22dbd86af-1024x768.jpeg 1024w, https:\/\/elordamedia.kz\/wp-content\/uploads\/2025\/10\/file-20251013-68ed22dbd86af-300x225.jpeg 300w, https:\/\/elordamedia.kz\/wp-content\/uploads\/2025\/10\/file-20251013-68ed22dbd86af-768x576.jpeg 768w, https:\/\/elordamedia.kz\/wp-content\/uploads\/2025\/10\/file-20251013-68ed22dbd86af.jpeg 1280w\" sizes=\"auto, (max-width: 1024px) 100vw, 1024px\" \/><\/p>\n<p><em><strong>\u00d6nemli Ortak: Beijing Jinyi Yuanfang Holding<\/strong><\/em><\/p>\n<p>Pekin\u2019de, y\u0131ll\u0131k cirosu 4,5 milyar yuan\u0131 a\u015fan 22 holding ve 7 i\u015ftirak \u015firketini b\u00fcnyesinde bar\u0131nd\u0131ran Beijing Jinyi Yuanfang Holding ile stratejik i\u015f birli\u011fi kuruldu. Holding, b\u00f6lgedeki \u00fcretimden sa\u011fl\u0131\u011fa ve e\u011fitime kadar bir\u00e7ok sekt\u00f6re yat\u0131r\u0131m yapmaya haz\u0131r oldu\u011funu belirtti.<\/p>\n<p>Bat\u0131 Kazakistan B\u00f6lgesi ile \u00c7in aras\u0131nda imzalanan yeni anla\u015fmalar\u0131n, b\u00f6lgenin sosyo-ekonomik geli\u015fimine \u00f6nemli katk\u0131lar sa\u011flamas\u0131 bekleniyor. Bu anla\u015fmalar sadece k\u00e2\u011f\u0131t \u00fczerindeki planlar de\u011fil; ger\u00e7ek yat\u0131r\u0131mlar\u0131n \u00e7ekilmesi, i\u015f imk\u00e2nlar\u0131n\u0131n olu\u015fturulmas\u0131 ve modern \u00fcretim tesislerinin faaliyete ge\u00e7irilmesine y\u00f6nelik somut ad\u0131mlard\u0131r. \u015eimdi as\u0131l \u00f6nemli g\u00f6rev, bu projelerin etkin ve zaman\u0131nda hayata ge\u00e7irilmesini sa\u011flamakt\u0131r.<\/p>\n","protected":false},"excerpt":{"rendered":"<p>Bat\u0131 Kazakistan B\u00f6lgesi ile \u00c7in Halk Cumhuriyeti aras\u0131ndaki i\u015f ili\u015fkileri yeni bir seviyeye ula\u015ft\u0131. \u00dc\u00e7 g\u00fcnl\u00fck \u00e7al\u0131\u015fma ziyareti s\u0131ras\u0131nda Akt\u00f6be [&hellip;]<\/p>\n","protected":false},"author":2,"featured_media":4172,"comment_status":"open","ping_status":"open","sticky":false,"template":"","format":"standard","meta":{"_acf_changed":false,"_locale":"tr_TR","_original_post":"https:\/\/elordamedia.kz\/?p=4177","footnotes":""},"categories":[19,22],"tags":[183],"class_list":["post-4177","post","type-post","status-publish","format-standard","has-post-thumbnail","hentry","category-news","category-economy","tag-kazakistan","tr-TR"],"acf":[],"_links":{"self":[{"href":"https:\/\/elordamedia.kz\/wp-json\/wp\/v2\/posts\/4177","targetHints":{"allow":["GET"]}}],"collection":[{"href":"https:\/\/elordamedia.kz\/wp-json\/wp\/v2\/posts"}],"about":[{"href":"https:\/\/elordamedia.kz\/wp-json\/wp\/v2\/types\/post"}],"author":[{"embeddable":true,"href":"https:\/\/elordamedia.kz\/wp-json\/wp\/v2\/users\/2"}],"replies":[{"embeddable":true,"href":"https:\/\/elordamedia.kz\/wp-json\/wp\/v2\/comments?post=4177"}],"version-history":[{"count":3,"href":"https:\/\/elordamedia.kz\/wp-json\/wp\/v2\/posts\/4177\/revisions"}],"predecessor-version":[{"id":4209,"href":"https:\/\/elordamedia.kz\/wp-json\/wp\/v2\/posts\/4177\/revisions\/4209"}],"wp:featuredmedia":[{"embeddable":true,"href":"https:\/\/elordamedia.kz\/wp-json\/wp\/v2\/media\/4172"}],"wp:attachment":[{"href":"https:\/\/elordamedia.kz\/wp-json\/wp\/v2\/media?parent=4177"}],"wp:term":[{"taxonomy":"category","embeddable":true,"href":"https:\/\/elordamedia.kz\/wp-json\/wp\/v2\/categories?post=4177"},{"taxonomy":"post_tag","embeddable":true,"href":"https:\/\/elordamedia.kz\/wp-json\/wp\/v2\/tags?post=4177"}],"curies":[{"name":"wp","href":"https:\/\/api.w.org\/{rel}","templated":true}]}}