{"id":1222,"date":"2025-05-06T08:42:51","date_gmt":"2025-05-06T08:42:51","guid":{"rendered":"https:\/\/elordamedia.kz\/?p=1222"},"modified":"2025-05-06T08:44:35","modified_gmt":"2025-05-06T08:44:35","slug":"siyasal-tansiyon-dusmuyor-hindistan-pakistanin-suyunu-kesti","status":"publish","type":"post","link":"https:\/\/elordamedia.kz\/tr\/siyasal-tansiyon-dusmuyor-hindistan-pakistanin-suyunu-kesti\/","title":{"rendered":"Siyasal tansiyon d\u00fc\u015fm\u00fcyor. Hindistan, Pakistan&#8217;\u0131n suyunu kesti"},"content":{"rendered":"<p><strong>Hindistan ile Pakistan aras\u0131ndaki gerilim her ge\u00e7en g\u00fcn t\u0131rman\u0131yor. Hindistan, Indus Sular\u0131 Anla\u015fmas\u0131\u2019n\u0131 ask\u0131ya alarak Pakistan\u2019a akan suyun y\u00fczde 90\u2019\u0131n\u0131 <a href=\"https:\/\/www.cnnturk.com\/video\/dunya\/hindistan-pakistanin-suyunu-kesti-2280313\">kesti.<\/a> Baraj kapaklar\u0131n\u0131 indiren Hindistan, \u201cTek damla b\u0131rakmayaca\u011f\u0131z\u201d diyerek tar\u0131m alanlar\u0131n\u0131 kurakl\u0131\u011fa s\u00fcr\u00fckledi. Pakistan ise Hindistan&#8217;\u0131n bu karar\u0131n\u0131 sava\u015f ilan\u0131 olarak de\u011ferlendirdi.<\/strong><\/p>\n<p>Hindistan ile Pakistan aras\u0131ndaki tansiyon d\u00fc\u015fm\u00fcyor.<\/p>\n<p>Hindistan D\u0131\u015fi\u015fleri Bakan\u0131, kom\u015fu \u00fclke Pakistan&#8217;a \u201ctek bir damla bile\u201d su b\u0131rakmayaca\u011f\u0131n\u0131 s\u00f6ylemi\u015fti. Bu ifadelerin ard\u0131ndan Hindistan, ezeli rakibi \u00fclke olan Pakistan&#8217;\u0131n suyunu kesti.<\/p>\n<p>Undus Sular\u0131 Anla\u015fmas\u0131\u2019n\u0131 ask\u0131ya alan Hindistan, Pakistan&#8217;\u0131n tar\u0131m alanlar\u0131n\u0131n tamam\u0131na yak\u0131n\u0131na su sa\u011flayan baraj\u0131n kapaklar\u0131n\u0131 kapatt\u0131.<\/p>\n","protected":false},"excerpt":{"rendered":"<p>Hindistan ile Pakistan aras\u0131ndaki gerilim her ge\u00e7en g\u00fcn t\u0131rman\u0131yor. Hindistan, Indus Sular\u0131 Anla\u015fmas\u0131\u2019n\u0131 ask\u0131ya alarak Pakistan\u2019a akan suyun y\u00fczde 90\u2019\u0131n\u0131 [&hellip;]<\/p>\n","protected":false},"author":2,"featured_media":1223,"comment_status":"open","ping_status":"open","sticky":true,"template":"","format":"standard","meta":{"_acf_changed":false,"_locale":"tr_TR","_original_post":"https:\/\/elordamedia.kz\/?p=1222","footnotes":""},"categories":[19,38],"tags":[511,512,510],"class_list":["post-1222","post","type-post","status-publish","format-standard","has-post-thumbnail","hentry","category-news","category-politics","tag-hindistan","tag-pakistan","tag-siyasal","tr-TR"],"acf":[],"_links":{"self":[{"href":"https:\/\/elordamedia.kz\/wp-json\/wp\/v2\/posts\/1222","targetHints":{"allow":["GET"]}}],"collection":[{"href":"https:\/\/elordamedia.kz\/wp-json\/wp\/v2\/posts"}],"about":[{"href":"https:\/\/elordamedia.kz\/wp-json\/wp\/v2\/types\/post"}],"author":[{"embeddable":true,"href":"https:\/\/elordamedia.kz\/wp-json\/wp\/v2\/users\/2"}],"replies":[{"embeddable":true,"href":"https:\/\/elordamedia.kz\/wp-json\/wp\/v2\/comments?post=1222"}],"version-history":[{"count":1,"href":"https:\/\/elordamedia.kz\/wp-json\/wp\/v2\/posts\/1222\/revisions"}],"predecessor-version":[{"id":1224,"href":"https:\/\/elordamedia.kz\/wp-json\/wp\/v2\/posts\/1222\/revisions\/1224"}],"wp:featuredmedia":[{"embeddable":true,"href":"https:\/\/elordamedia.kz\/wp-json\/wp\/v2\/media\/1223"}],"wp:attachment":[{"href":"https:\/\/elordamedia.kz\/wp-json\/wp\/v2\/media?parent=1222"}],"wp:term":[{"taxonomy":"category","embeddable":true,"href":"https:\/\/elordamedia.kz\/wp-json\/wp\/v2\/categories?post=1222"},{"taxonomy":"post_tag","embeddable":true,"href":"https:\/\/elordamedia.kz\/wp-json\/wp\/v2\/tags?post=1222"}],"curies":[{"name":"wp","href":"https:\/\/api.w.org\/{rel}","templated":true}]}}