{"id":1215,"date":"2025-05-06T08:01:35","date_gmt":"2025-05-06T08:01:35","guid":{"rendered":"https:\/\/elordamedia.kz\/?p=1215"},"modified":"2025-05-06T08:01:45","modified_gmt":"2025-05-06T08:01:45","slug":"abd-ulkelerine-donmek-isteyen-gocmenlere-bin-dolar-verecek","status":"publish","type":"post","link":"https:\/\/elordamedia.kz\/tr\/abd-ulkelerine-donmek-isteyen-gocmenlere-bin-dolar-verecek\/","title":{"rendered":"ABD, \u00fclkelerine d\u00f6nmek isteyen g\u00f6\u00e7menlere bin dolar verecek"},"content":{"rendered":"<p><strong>ABD y\u00f6netimi, \u00fclkelerine kendi istekleriyle d\u00f6necek g\u00f6\u00e7menlere bin dolar destek sa\u011flayaca\u011f\u0131n\u0131 duyurdu.<\/strong><\/p>\n<p><a class=\"inline-keyword from-service\" href=\"https:\/\/www.cnnturk.com\/haberleri\/abd\" target=\"_blank\" rel=\"noopener\">ABD<\/a>\u00a0\u0130\u00e7 G\u00fcvenlik Bakanl\u0131\u011f\u0131, federal h\u00fck\u00fcmetin g\u00f6\u00e7menlerin d\u00f6n\u00fc\u015flerini h\u0131zland\u0131rmak i\u00e7in yeni bir ad\u0131m ataca\u011f\u0131n\u0131 a\u00e7\u0131klad\u0131. Y\u00f6netimin, ABD&#8217;de yasa d\u0131\u015f\u0131 olarak bulunan ve kendi \u00fclkelerine d\u00f6nmek isteyen g\u00f6\u00e7menlere \u2018seyahat yard\u0131m\u0131\u2019 kapsam\u0131nda bin dolar verece\u011fi bildirildi.<\/p>\n<blockquote>\n<p data-end=\"518\" data-start=\"326\">Yasa d\u0131\u015f\u0131 yollarla ABD&#8217;de bulunan ve geri d\u00f6nmek isteyen d\u00fczensiz g\u00f6\u00e7menlere, &#8220;seyahat yard\u0131m\u0131&#8221; olarak bin dolar \u00f6deme yap\u0131lacak. Bu ad\u0131m, g\u00f6\u00e7menlerin geri d\u00f6n\u00fc\u015flerini te\u015fvik etmeyi ama\u00e7l\u0131yor.<\/p>\n<\/blockquote>\n<p data-end=\"782\" data-start=\"520\">ABD Ba\u015fkan\u0131 Donald Trump, 20 Ocak&#8217;ta g\u00f6reve ba\u015flad\u0131\u011f\u0131 g\u00fcn, s\u0131n\u0131rda d\u00fczensiz g\u00f6\u00e7men ak\u0131\u015f\u0131n\u0131 durdurmak amac\u0131yla bir ba\u015fkanl\u0131k kararnamesi imzalayarak ulusal acil durum ilan etmi\u015fti. O tarihten sonra, s\u0131n\u0131rda yakalanan ki\u015filer h\u0131zla s\u0131n\u0131r d\u0131\u015f\u0131 edilmeye ba\u015flanm\u0131\u015ft\u0131.<\/p>\n","protected":false},"excerpt":{"rendered":"<p>ABD y\u00f6netimi, \u00fclkelerine kendi istekleriyle d\u00f6necek g\u00f6\u00e7menlere bin dolar destek sa\u011flayaca\u011f\u0131n\u0131 duyurdu. ABD\u00a0\u0130\u00e7 G\u00fcvenlik Bakanl\u0131\u011f\u0131, federal h\u00fck\u00fcmetin g\u00f6\u00e7menlerin d\u00f6n\u00fc\u015flerini h\u0131zland\u0131rmak [&hellip;]<\/p>\n","protected":false},"author":2,"featured_media":1197,"comment_status":"open","ping_status":"open","sticky":true,"template":"","format":"standard","meta":{"_acf_changed":false,"_locale":"tr_TR","_original_post":"https:\/\/elordamedia.kz\/?p=1215","footnotes":""},"categories":[19,38],"tags":[504,507,505,506],"class_list":["post-1215","post","type-post","status-publish","format-standard","has-post-thumbnail","hentry","category-news","category-politics","tag-abd","tag-abd-bin-dolar","tag-abd-ic-guvenlik-bakanligi","tag-gocmenler","tr-TR"],"acf":[],"_links":{"self":[{"href":"https:\/\/elordamedia.kz\/wp-json\/wp\/v2\/posts\/1215","targetHints":{"allow":["GET"]}}],"collection":[{"href":"https:\/\/elordamedia.kz\/wp-json\/wp\/v2\/posts"}],"about":[{"href":"https:\/\/elordamedia.kz\/wp-json\/wp\/v2\/types\/post"}],"author":[{"embeddable":true,"href":"https:\/\/elordamedia.kz\/wp-json\/wp\/v2\/users\/2"}],"replies":[{"embeddable":true,"href":"https:\/\/elordamedia.kz\/wp-json\/wp\/v2\/comments?post=1215"}],"version-history":[{"count":1,"href":"https:\/\/elordamedia.kz\/wp-json\/wp\/v2\/posts\/1215\/revisions"}],"predecessor-version":[{"id":1216,"href":"https:\/\/elordamedia.kz\/wp-json\/wp\/v2\/posts\/1215\/revisions\/1216"}],"wp:featuredmedia":[{"embeddable":true,"href":"https:\/\/elordamedia.kz\/wp-json\/wp\/v2\/media\/1197"}],"wp:attachment":[{"href":"https:\/\/elordamedia.kz\/wp-json\/wp\/v2\/media?parent=1215"}],"wp:term":[{"taxonomy":"category","embeddable":true,"href":"https:\/\/elordamedia.kz\/wp-json\/wp\/v2\/categories?post=1215"},{"taxonomy":"post_tag","embeddable":true,"href":"https:\/\/elordamedia.kz\/wp-json\/wp\/v2\/tags?post=1215"}],"curies":[{"name":"wp","href":"https:\/\/api.w.org\/{rel}","templated":true}]}}